{"id":1173,"date":"2019-07-23T12:14:54","date_gmt":"2019-07-23T09:14:54","guid":{"rendered":"https:\/\/aslanyacht.com\/?p=1173"},"modified":"2019-07-23T12:14:54","modified_gmt":"2019-07-23T09:14:54","slug":"tecnoinox","status":"publish","type":"post","link":"https:\/\/aslanyacht.com\/tr\/tecnoinox\/","title":{"rendered":"TECNOINOX"},"content":{"rendered":"<p>Tecnoinox l\u00fcks yatlar i\u00e7in kaliteli aksesuar sekt\u00f6r\u00fcnde tart\u0131\u015fmas\u0131z liderdir.<\/p>\n<p>Mevcut sahiplerinin babas\u0131n\u0131n beynini olu\u015fturan \u015firket, denizcilik sekt\u00f6r\u00fcne, in\u015faat end\u00fcstrisi i\u00e7in \u00e7elik i\u015flemede edinilen kaliteli esnaf deneyimini sa\u011flamak i\u00e7in kuruldu ve seksenlerin ba\u015far\u0131l\u0131 bir \u015fekilde geli\u015fti\u011finden beri, pazarda \u00f6nemli bir konuma h\u0131zla ula\u015ft\u0131.<br \/>\n\u201c\u0130talya&#8217;da \u00fcretilen\u201d \u00fcr\u00fcnlerin d\u00fcnyadaki en b\u00fcy\u00fck ba\u015far\u0131s\u0131 olan en prestijli tersaneler, bir s\u00fcredir teslimat s\u00fcreleri konusunda gerekli hassasiyet, g\u00fcvenilirlik ve gerekli nitelikleri buldu\u011fu Seriate merkezli \u015firket ile sinerji i\u00e7inde \u00e7al\u0131\u015fm\u0131\u015f ve en \u00f6nemlisi, y\u00fcksek teknolojik bile\u015fenlerkullan\u0131lm\u0131\u015ft\u0131r, \u00e7\u00fcnk\u00fc tecnoinox \u00fcr\u00fcnlerinin teknolojik y\u00f6n\u00fc \u015firketin ba\u015far\u0131s\u0131n\u0131 a\u00e7\u0131klamada temeldir.<\/p>","protected":false},"excerpt":{"rendered":"<p>Tecnoinox l\u00fcks yatlar i\u00e7in kaliteli aksesuar sekt\u00f6r\u00fcnde tart\u0131\u015fmas\u0131z liderdir. Mevcut sahiplerinin babas\u0131n\u0131n beynini olu\u015fturan \u015firket, denizcilik sekt\u00f6r\u00fcne, in\u015faat end\u00fcstrisi i\u00e7in \u00e7elik i\u015flemede edinilen kaliteli esnaf deneyimini sa\u011flamak i\u00e7in kuruldu ve seksenlerin ba\u015far\u0131l\u0131 bir \u015fekilde geli\u015fti\u011finden beri, pazarda \u00f6nemli bir konuma h\u0131zla ula\u015ft\u0131. \u201c\u0130talya&#8217;da \u00fcretilen\u201d \u00fcr\u00fcnlerin d\u00fcnyadaki en b\u00fcy\u00fck ba\u015far\u0131s\u0131 olan en prestijli tersaneler, bir s\u00fcredir<\/p>\n","protected":false},"author":1,"featured_media":1174,"comment_status":"closed","ping_status":"closed","sticky":false,"template":"","format":"standard","meta":{"footnotes":""},"categories":[1],"tags":[],"class_list":["post-1173","post","type-post","status-publish","format-standard","has-post-thumbnail","hentry","category-genel"],"_links":{"self":[{"href":"https:\/\/aslanyacht.com\/tr\/wp-json\/wp\/v2\/posts\/1173","targetHints":{"allow":["GET"]}}],"collection":[{"href":"https:\/\/aslanyacht.com\/tr\/wp-json\/wp\/v2\/posts"}],"about":[{"href":"https:\/\/aslanyacht.com\/tr\/wp-json\/wp\/v2\/types\/post"}],"author":[{"embeddable":true,"href":"https:\/\/aslanyacht.com\/tr\/wp-json\/wp\/v2\/users\/1"}],"replies":[{"embeddable":true,"href":"https:\/\/aslanyacht.com\/tr\/wp-json\/wp\/v2\/comments?post=1173"}],"version-history":[{"count":0,"href":"https:\/\/aslanyacht.com\/tr\/wp-json\/wp\/v2\/posts\/1173\/revisions"}],"wp:featuredmedia":[{"embeddable":true,"href":"https:\/\/aslanyacht.com\/tr\/wp-json\/wp\/v2\/media\/1174"}],"wp:attachment":[{"href":"https:\/\/aslanyacht.com\/tr\/wp-json\/wp\/v2\/media?parent=1173"}],"wp:term":[{"taxonomy":"category","embeddable":true,"href":"https:\/\/aslanyacht.com\/tr\/wp-json\/wp\/v2\/categories?post=1173"},{"taxonomy":"post_tag","embeddable":true,"href":"https:\/\/aslanyacht.com\/tr\/wp-json\/wp\/v2\/tags?post=1173"}],"curies":[{"name":"wp","href":"https:\/\/api.w.org\/{rel}","templated":true}]}}